{"id":933,"date":"2019-10-08T11:13:17","date_gmt":"2019-10-08T10:13:17","guid":{"rendered":"https:\/\/capellamallorquina.com\/?p=933"},"modified":"2019-10-08T11:15:20","modified_gmt":"2019-10-08T10:15:20","slug":"concierto-de-musica-de-cine","status":"publish","type":"post","link":"https:\/\/capellamallorquina.com\/es\/concierto-de-musica-de-cine\/","title":{"rendered":"Concierto de M\u00fasica de Cine"},"content":{"rendered":"<p>El viernes 11 de octubre de 2019 a las 20,00 h. en el Auditorium de Palma la Capella Mallorquina participar\u00e1 en un concierto de M\u00fasica de Cine que organiza el Festival M\u00fasicaMallorca. Ser\u00e1 un concierto con un magn\u00edfico programa de bandas sonoras como La, La, Land, Forrest Gump, Titanic, My Fair Lady, La Lista de Schindler, El Fantasma de la \u00d3pera, Los Miserables, Los Piratas del Caribe, Evita, Star Wars , Harry Potter, Desayuno con Diamantes, el Hombre de la Mancha, West side story o el Jorobado de Notredame.<\/p>\n","protected":false},"excerpt":{"rendered":"<p>El viernes 11 de octubre de 2019 a las 20,00 h. en el Auditorium de Palma la Capella Mallorquina participar\u00e1 en un concierto de M\u00fasica de Cine que organiza el Festival M\u00fasicaMallorca. Ser\u00e1 un concierto con un magn\u00edfico programa de bandas sonoras como La, La, Land, Forrest Gump, Titanic, My Fair Lady, La Lista de&hellip;<\/p>\n","protected":false},"author":1,"featured_media":930,"comment_status":"closed","ping_status":"closed","sticky":false,"template":"","format":"standard","meta":[],"categories":[2],"tags":[],"_links":{"self":[{"href":"https:\/\/capellamallorquina.com\/es\/wp-json\/wp\/v2\/posts\/933"}],"collection":[{"href":"https:\/\/capellamallorquina.com\/es\/wp-json\/wp\/v2\/posts"}],"about":[{"href":"https:\/\/capellamallorquina.com\/es\/wp-json\/wp\/v2\/types\/post"}],"author":[{"embeddable":true,"href":"https:\/\/capellamallorquina.com\/es\/wp-json\/wp\/v2\/users\/1"}],"replies":[{"embeddable":true,"href":"https:\/\/capellamallorquina.com\/es\/wp-json\/wp\/v2\/comments?post=933"}],"version-history":[{"count":2,"href":"https:\/\/capellamallorquina.com\/es\/wp-json\/wp\/v2\/posts\/933\/revisions"}],"predecessor-version":[{"id":935,"href":"https:\/\/capellamallorquina.com\/es\/wp-json\/wp\/v2\/posts\/933\/revisions\/935"}],"wp:featuredmedia":[{"embeddable":true,"href":"https:\/\/capellamallorquina.com\/es\/wp-json\/wp\/v2\/media\/930"}],"wp:attachment":[{"href":"https:\/\/capellamallorquina.com\/es\/wp-json\/wp\/v2\/media?parent=933"}],"wp:term":[{"taxonomy":"category","embeddable":true,"href":"https:\/\/capellamallorquina.com\/es\/wp-json\/wp\/v2\/categories?post=933"},{"taxonomy":"post_tag","embeddable":true,"href":"https:\/\/capellamallorquina.com\/es\/wp-json\/wp\/v2\/tags?post=933"}],"curies":[{"name":"wp","href":"https:\/\/api.w.org\/{rel}","templated":true}]}}