{"id":902,"date":"2019-06-04T09:49:02","date_gmt":"2019-06-04T08:49:02","guid":{"rendered":"https:\/\/capellamallorquina.com\/?p=902"},"modified":"2019-06-04T09:54:44","modified_gmt":"2019-06-04T08:54:44","slug":"gala-dopera-i-sarsuela-al-castell-de-son-mas","status":"publish","type":"post","link":"https:\/\/capellamallorquina.com\/es\/gala-dopera-i-sarsuela-al-castell-de-son-mas\/","title":{"rendered":"Gala de \u00d3pera y Zarzuela en el Castillo de Son Mas"},"content":{"rendered":"<p>El Castillo de Son Mas ser\u00e1 nuevamente el escenario que nos permitir\u00e1 escuchar a la Capella Mallorquina ofreciendo una Gala de \u00d3pera y Zarzuela junto a la Orquesta Cl\u00e1sica de Mallorca y los Coros Infantil, Petitons y Municipal de Andratx. Todos ellos bajo la batuta de Jos\u00e9 Mar\u00eda Moreno y con los solistas Inma Hidalgo, Cristina Van Roy, Don Krim, Ger\u00f3nimo Seib y Pablo L\u00f3pez<\/p>\n","protected":false},"excerpt":{"rendered":"<p>El Castillo de Son Mas ser\u00e1 nuevamente el escenario que nos permitir\u00e1 escuchar a la Capella Mallorquina ofreciendo una Gala de \u00d3pera y Zarzuela junto a la Orquesta Cl\u00e1sica de Mallorca y los Coros Infantil, Petitons y Municipal de Andratx. Todos ellos bajo la batuta de Jos\u00e9 Mar\u00eda Moreno y con los solistas Inma Hidalgo,&hellip;<\/p>\n","protected":false},"author":1,"featured_media":903,"comment_status":"closed","ping_status":"closed","sticky":false,"template":"","format":"standard","meta":[],"categories":[2],"tags":[],"_links":{"self":[{"href":"https:\/\/capellamallorquina.com\/es\/wp-json\/wp\/v2\/posts\/902"}],"collection":[{"href":"https:\/\/capellamallorquina.com\/es\/wp-json\/wp\/v2\/posts"}],"about":[{"href":"https:\/\/capellamallorquina.com\/es\/wp-json\/wp\/v2\/types\/post"}],"author":[{"embeddable":true,"href":"https:\/\/capellamallorquina.com\/es\/wp-json\/wp\/v2\/users\/1"}],"replies":[{"embeddable":true,"href":"https:\/\/capellamallorquina.com\/es\/wp-json\/wp\/v2\/comments?post=902"}],"version-history":[{"count":2,"href":"https:\/\/capellamallorquina.com\/es\/wp-json\/wp\/v2\/posts\/902\/revisions"}],"predecessor-version":[{"id":910,"href":"https:\/\/capellamallorquina.com\/es\/wp-json\/wp\/v2\/posts\/902\/revisions\/910"}],"wp:featuredmedia":[{"embeddable":true,"href":"https:\/\/capellamallorquina.com\/es\/wp-json\/wp\/v2\/media\/903"}],"wp:attachment":[{"href":"https:\/\/capellamallorquina.com\/es\/wp-json\/wp\/v2\/media?parent=902"}],"wp:term":[{"taxonomy":"category","embeddable":true,"href":"https:\/\/capellamallorquina.com\/es\/wp-json\/wp\/v2\/categories?post=902"},{"taxonomy":"post_tag","embeddable":true,"href":"https:\/\/capellamallorquina.com\/es\/wp-json\/wp\/v2\/tags?post=902"}],"curies":[{"name":"wp","href":"https:\/\/api.w.org\/{rel}","templated":true}]}}