{"id":855,"date":"2019-02-27T10:33:54","date_gmt":"2019-02-27T09:33:54","guid":{"rendered":"https:\/\/capellamallorquina.com\/?p=855"},"modified":"2019-02-27T10:34:33","modified_gmt":"2019-02-27T09:34:33","slug":"vivaldi-y-haendel-en-san-magin","status":"publish","type":"post","link":"https:\/\/capellamallorquina.com\/es\/vivaldi-y-haendel-en-san-magin\/","title":{"rendered":"Vivaldi y Haendel en San Mag\u00edn"},"content":{"rendered":"<p>Presentamos un magn\u00edfico concierto en la iglesia de San Mag\u00edn para el pr\u00f3ximo 15 de marzo a las 20,30 h. Una actuaci\u00f3n que nuevamente contar\u00e1 con la participaci\u00f3n de la excelente\u00a0Camerata\u00a0San\u00a0Cayetano, integrada por algunos de los mejores m\u00fasicos de nuestra Isla. En el programa, dos obras maestras de Vivaldi y\u00a0Haendel. Del primero, su &#8220;Gloria&#8221;, una de las obras m\u00e1s importantes de la m\u00fasica\u00a0sacra\u00a0del barroco italiano; del segundo, &#8220;la Oda al cumplea\u00f1os de la Reina Ana&#8221;, extraordinaria composici\u00f3n dedicada a una reina muy de moda por ser la protagonista de la pel\u00edcula &#8220;La Favorita&#8221;. Las solistas Cristina\u00a0Van\u00a0Roy\u00a0y\u00a0Waltraud\u00a0Mucher\u00a0ser\u00e1n dirigidas por nuestro titular Jos\u00e9 Mar\u00eda Moreno. \u00a1\u00a1\u00a1Os\u00a0 esperamos!!!<\/p>\n","protected":false},"excerpt":{"rendered":"<p>Presentamos un magn\u00edfico concierto en la iglesia de San Mag\u00edn para el pr\u00f3ximo 15 de marzo a las 20,30 h. Una actuaci\u00f3n que nuevamente contar\u00e1 con la participaci\u00f3n de la excelente\u00a0Camerata\u00a0San\u00a0Cayetano, integrada por algunos de los mejores m\u00fasicos de nuestra Isla. En el programa, dos obras maestras de Vivaldi y\u00a0Haendel. Del primero, su &#8220;Gloria&#8221;, una&hellip;<\/p>\n","protected":false},"author":1,"featured_media":853,"comment_status":"closed","ping_status":"closed","sticky":false,"template":"","format":"standard","meta":[],"categories":[2],"tags":[],"_links":{"self":[{"href":"https:\/\/capellamallorquina.com\/es\/wp-json\/wp\/v2\/posts\/855"}],"collection":[{"href":"https:\/\/capellamallorquina.com\/es\/wp-json\/wp\/v2\/posts"}],"about":[{"href":"https:\/\/capellamallorquina.com\/es\/wp-json\/wp\/v2\/types\/post"}],"author":[{"embeddable":true,"href":"https:\/\/capellamallorquina.com\/es\/wp-json\/wp\/v2\/users\/1"}],"replies":[{"embeddable":true,"href":"https:\/\/capellamallorquina.com\/es\/wp-json\/wp\/v2\/comments?post=855"}],"version-history":[{"count":1,"href":"https:\/\/capellamallorquina.com\/es\/wp-json\/wp\/v2\/posts\/855\/revisions"}],"predecessor-version":[{"id":856,"href":"https:\/\/capellamallorquina.com\/es\/wp-json\/wp\/v2\/posts\/855\/revisions\/856"}],"wp:featuredmedia":[{"embeddable":true,"href":"https:\/\/capellamallorquina.com\/es\/wp-json\/wp\/v2\/media\/853"}],"wp:attachment":[{"href":"https:\/\/capellamallorquina.com\/es\/wp-json\/wp\/v2\/media?parent=855"}],"wp:term":[{"taxonomy":"category","embeddable":true,"href":"https:\/\/capellamallorquina.com\/es\/wp-json\/wp\/v2\/categories?post=855"},{"taxonomy":"post_tag","embeddable":true,"href":"https:\/\/capellamallorquina.com\/es\/wp-json\/wp\/v2\/tags?post=855"}],"curies":[{"name":"wp","href":"https:\/\/api.w.org\/{rel}","templated":true}]}}