{"id":848,"date":"2019-01-18T12:06:03","date_gmt":"2019-01-18T11:06:03","guid":{"rendered":"https:\/\/capellamallorquina.com\/?p=848"},"modified":"2019-01-18T12:06:03","modified_gmt":"2019-01-18T11:06:03","slug":"concierto-de-opera-y-zarzuela","status":"publish","type":"post","link":"https:\/\/capellamallorquina.com\/es\/concierto-de-opera-y-zarzuela\/","title":{"rendered":"Concierto de \u00d3pera y Zarzuela"},"content":{"rendered":"<p>Uno de los conciertos m\u00e1s esperados de nuestra Temporada es el que celebramos cada a\u00f1o en Sant Felip Neri y en el que interpretamos fragmentos de \u00f3peras y zarzuelas. Este a\u00f1o no te lo puedes perder; ser\u00e1 el 7 de febrero a las 19,00 h. \u00a1All\u00ed nos vemos!<\/p>\n","protected":false},"excerpt":{"rendered":"<p>Uno de los conciertos m\u00e1s esperados de nuestra Temporada es el que celebramos cada a\u00f1o en Sant Felip Neri y en el que interpretamos fragmentos de \u00f3peras y zarzuelas. Este a\u00f1o no te lo puedes perder; ser\u00e1 el 7 de febrero a las 19,00 h. \u00a1All\u00ed nos vemos!<\/p>\n","protected":false},"author":1,"featured_media":841,"comment_status":"closed","ping_status":"closed","sticky":false,"template":"","format":"standard","meta":[],"categories":[2],"tags":[],"_links":{"self":[{"href":"https:\/\/capellamallorquina.com\/es\/wp-json\/wp\/v2\/posts\/848"}],"collection":[{"href":"https:\/\/capellamallorquina.com\/es\/wp-json\/wp\/v2\/posts"}],"about":[{"href":"https:\/\/capellamallorquina.com\/es\/wp-json\/wp\/v2\/types\/post"}],"author":[{"embeddable":true,"href":"https:\/\/capellamallorquina.com\/es\/wp-json\/wp\/v2\/users\/1"}],"replies":[{"embeddable":true,"href":"https:\/\/capellamallorquina.com\/es\/wp-json\/wp\/v2\/comments?post=848"}],"version-history":[{"count":1,"href":"https:\/\/capellamallorquina.com\/es\/wp-json\/wp\/v2\/posts\/848\/revisions"}],"predecessor-version":[{"id":849,"href":"https:\/\/capellamallorquina.com\/es\/wp-json\/wp\/v2\/posts\/848\/revisions\/849"}],"wp:featuredmedia":[{"embeddable":true,"href":"https:\/\/capellamallorquina.com\/es\/wp-json\/wp\/v2\/media\/841"}],"wp:attachment":[{"href":"https:\/\/capellamallorquina.com\/es\/wp-json\/wp\/v2\/media?parent=848"}],"wp:term":[{"taxonomy":"category","embeddable":true,"href":"https:\/\/capellamallorquina.com\/es\/wp-json\/wp\/v2\/categories?post=848"},{"taxonomy":"post_tag","embeddable":true,"href":"https:\/\/capellamallorquina.com\/es\/wp-json\/wp\/v2\/tags?post=848"}],"curies":[{"name":"wp","href":"https:\/\/api.w.org\/{rel}","templated":true}]}}