{"id":787,"date":"2018-10-26T15:15:51","date_gmt":"2018-10-26T14:15:51","guid":{"rendered":"https:\/\/capellamallorquina.com\/es\/?p=787"},"modified":"2018-10-26T15:15:51","modified_gmt":"2018-10-26T14:15:51","slug":"concierto-la-proclamacion-la-basilica-sant-miquel","status":"publish","type":"post","link":"https:\/\/capellamallorquina.com\/es\/concierto-la-proclamacion-la-basilica-sant-miquel\/","title":{"rendered":"Concierto por la Proclamaci\u00f3n de la Bas\u00edlica de Sant Miquel"},"content":{"rendered":"<p>La Capella Mallorquina ofreci\u00f3 un concierto para celebrar la\u00a0Proclamaci\u00f3n\u00a0de Sant Miquel como nueva Bas\u00edlica. La actuaci\u00f3n cont\u00f3 con una gran afluencia de p\u00fablico que disfrut\u00f3 de un programa que incluy\u00f3 una primera parte de m\u00fasica\u00a0sacra\u00a0y una segunda parte de m\u00fasica variada, con muchas obras mallorquinas. El concierto se cerr\u00f3 con el &#8220;Te Deum&#8221;\u00a0de Mozart y cont\u00f3 con Cristina Van\u00a0Roy\u00a0como solista y con Pedro Aguil\u00f3 como organista.<\/p>\n","protected":false},"excerpt":{"rendered":"<p>La Capella Mallorquina ofreci\u00f3 un concierto para celebrar la\u00a0Proclamaci\u00f3n\u00a0de Sant Miquel como nueva Bas\u00edlica. La actuaci\u00f3n cont\u00f3 con una gran afluencia de p\u00fablico que disfrut\u00f3 de un programa que incluy\u00f3 una primera parte de m\u00fasica\u00a0sacra\u00a0y una segunda parte de m\u00fasica variada, con muchas obras mallorquinas. El concierto se cerr\u00f3 con el &#8220;Te Deum&#8221;\u00a0de Mozart y&hellip;<\/p>\n","protected":false},"author":1,"featured_media":783,"comment_status":"open","ping_status":"open","sticky":false,"template":"","format":"standard","meta":[],"categories":[2],"tags":[],"_links":{"self":[{"href":"https:\/\/capellamallorquina.com\/es\/wp-json\/wp\/v2\/posts\/787"}],"collection":[{"href":"https:\/\/capellamallorquina.com\/es\/wp-json\/wp\/v2\/posts"}],"about":[{"href":"https:\/\/capellamallorquina.com\/es\/wp-json\/wp\/v2\/types\/post"}],"author":[{"embeddable":true,"href":"https:\/\/capellamallorquina.com\/es\/wp-json\/wp\/v2\/users\/1"}],"replies":[{"embeddable":true,"href":"https:\/\/capellamallorquina.com\/es\/wp-json\/wp\/v2\/comments?post=787"}],"version-history":[{"count":1,"href":"https:\/\/capellamallorquina.com\/es\/wp-json\/wp\/v2\/posts\/787\/revisions"}],"predecessor-version":[{"id":788,"href":"https:\/\/capellamallorquina.com\/es\/wp-json\/wp\/v2\/posts\/787\/revisions\/788"}],"wp:featuredmedia":[{"embeddable":true,"href":"https:\/\/capellamallorquina.com\/es\/wp-json\/wp\/v2\/media\/783"}],"wp:attachment":[{"href":"https:\/\/capellamallorquina.com\/es\/wp-json\/wp\/v2\/media?parent=787"}],"wp:term":[{"taxonomy":"category","embeddable":true,"href":"https:\/\/capellamallorquina.com\/es\/wp-json\/wp\/v2\/categories?post=787"},{"taxonomy":"post_tag","embeddable":true,"href":"https:\/\/capellamallorquina.com\/es\/wp-json\/wp\/v2\/tags?post=787"}],"curies":[{"name":"wp","href":"https:\/\/api.w.org\/{rel}","templated":true}]}}