{"id":751,"date":"2018-09-03T15:25:47","date_gmt":"2018-09-03T14:25:47","guid":{"rendered":"https:\/\/capellamallorquina.com\/es\/?p=751"},"modified":"2018-09-03T15:28:16","modified_gmt":"2018-09-03T14:28:16","slug":"concierto-en-soller","status":"publish","type":"post","link":"https:\/\/capellamallorquina.com\/es\/concierto-en-soller\/","title":{"rendered":"Concierto en S\u00f3ller"},"content":{"rendered":"<p>Este jueves d\u00eda 6 de septiembre a las 20:00 h. la Capella Mallorquina comenzar\u00e1 el nuevo curso con un Concierto que ofrecer\u00e1 en la iglesia parroquial de S\u00f3ller. Con un repertorio donde habr\u00e1 mucha zarzuela. \u00a1No te lo pierdas! Y si quieres venir desde palma, \u00a1entrada + tren por s\u00f3lo 5 \u20ac!<\/p>\n","protected":false},"excerpt":{"rendered":"<p>Este jueves d\u00eda 6 de septiembre a las 20:00 h. la Capella Mallorquina comenzar\u00e1 el nuevo curso con un Concierto que ofrecer\u00e1 en la iglesia parroquial de S\u00f3ller. Con un repertorio donde habr\u00e1 mucha zarzuela. \u00a1No te lo pierdas! Y si quieres venir desde palma, \u00a1entrada + tren por s\u00f3lo 5 \u20ac!<\/p>\n","protected":false},"author":1,"featured_media":749,"comment_status":"open","ping_status":"open","sticky":false,"template":"","format":"standard","meta":[],"categories":[2],"tags":[],"_links":{"self":[{"href":"https:\/\/capellamallorquina.com\/es\/wp-json\/wp\/v2\/posts\/751"}],"collection":[{"href":"https:\/\/capellamallorquina.com\/es\/wp-json\/wp\/v2\/posts"}],"about":[{"href":"https:\/\/capellamallorquina.com\/es\/wp-json\/wp\/v2\/types\/post"}],"author":[{"embeddable":true,"href":"https:\/\/capellamallorquina.com\/es\/wp-json\/wp\/v2\/users\/1"}],"replies":[{"embeddable":true,"href":"https:\/\/capellamallorquina.com\/es\/wp-json\/wp\/v2\/comments?post=751"}],"version-history":[{"count":1,"href":"https:\/\/capellamallorquina.com\/es\/wp-json\/wp\/v2\/posts\/751\/revisions"}],"predecessor-version":[{"id":752,"href":"https:\/\/capellamallorquina.com\/es\/wp-json\/wp\/v2\/posts\/751\/revisions\/752"}],"wp:featuredmedia":[{"embeddable":true,"href":"https:\/\/capellamallorquina.com\/es\/wp-json\/wp\/v2\/media\/749"}],"wp:attachment":[{"href":"https:\/\/capellamallorquina.com\/es\/wp-json\/wp\/v2\/media?parent=751"}],"wp:term":[{"taxonomy":"category","embeddable":true,"href":"https:\/\/capellamallorquina.com\/es\/wp-json\/wp\/v2\/categories?post=751"},{"taxonomy":"post_tag","embeddable":true,"href":"https:\/\/capellamallorquina.com\/es\/wp-json\/wp\/v2\/tags?post=751"}],"curies":[{"name":"wp","href":"https:\/\/api.w.org\/{rel}","templated":true}]}}