{"id":629,"date":"2017-12-08T09:04:41","date_gmt":"2017-12-08T08:04:41","guid":{"rendered":"https:\/\/capellamallorquina.com\/es\/?p=629"},"modified":"2017-12-11T10:58:22","modified_gmt":"2017-12-11T09:58:22","slug":"la-capella-premio-del-fomento-turismo","status":"publish","type":"post","link":"https:\/\/capellamallorquina.com\/es\/la-capella-premio-del-fomento-turismo\/","title":{"rendered":"La Capella, Premio del Fomento de Turismo"},"content":{"rendered":"<p>La Capella Mallorquina ha sido premiada por el Fomento de Turismo de Mallorca por su brillante trayectoria de 50 a\u00f1os de difusi\u00f3n musical en Mallorca y por todo el mundo. El acto de entrega de la distinci\u00f3n se celebrar\u00e1 el lunes 11 de Diciembre en en el Caixaforum de Palma.<\/p>\n","protected":false},"excerpt":{"rendered":"<p>La Capella Mallorquina ha sido premiada por el Fomento de Turismo de Mallorca por su brillante trayectoria de 50 a\u00f1os de difusi\u00f3n musical en Mallorca y por todo el mundo. El acto de entrega de la distinci\u00f3n se celebrar\u00e1 el lunes 11 de Diciembre en en el Caixaforum de Palma.<\/p>\n","protected":false},"author":1,"featured_media":627,"comment_status":"open","ping_status":"open","sticky":false,"template":"","format":"standard","meta":[],"categories":[2],"tags":[],"_links":{"self":[{"href":"https:\/\/capellamallorquina.com\/es\/wp-json\/wp\/v2\/posts\/629"}],"collection":[{"href":"https:\/\/capellamallorquina.com\/es\/wp-json\/wp\/v2\/posts"}],"about":[{"href":"https:\/\/capellamallorquina.com\/es\/wp-json\/wp\/v2\/types\/post"}],"author":[{"embeddable":true,"href":"https:\/\/capellamallorquina.com\/es\/wp-json\/wp\/v2\/users\/1"}],"replies":[{"embeddable":true,"href":"https:\/\/capellamallorquina.com\/es\/wp-json\/wp\/v2\/comments?post=629"}],"version-history":[{"count":3,"href":"https:\/\/capellamallorquina.com\/es\/wp-json\/wp\/v2\/posts\/629\/revisions"}],"predecessor-version":[{"id":635,"href":"https:\/\/capellamallorquina.com\/es\/wp-json\/wp\/v2\/posts\/629\/revisions\/635"}],"wp:featuredmedia":[{"embeddable":true,"href":"https:\/\/capellamallorquina.com\/es\/wp-json\/wp\/v2\/media\/627"}],"wp:attachment":[{"href":"https:\/\/capellamallorquina.com\/es\/wp-json\/wp\/v2\/media?parent=629"}],"wp:term":[{"taxonomy":"category","embeddable":true,"href":"https:\/\/capellamallorquina.com\/es\/wp-json\/wp\/v2\/categories?post=629"},{"taxonomy":"post_tag","embeddable":true,"href":"https:\/\/capellamallorquina.com\/es\/wp-json\/wp\/v2\/tags?post=629"}],"curies":[{"name":"wp","href":"https:\/\/api.w.org\/{rel}","templated":true}]}}