{"id":623,"date":"2017-11-29T13:38:11","date_gmt":"2017-11-29T12:38:11","guid":{"rendered":"https:\/\/capellamallorquina.com\/es\/?p=623"},"modified":"2017-12-08T09:16:59","modified_gmt":"2017-12-08T08:16:59","slug":"la-capella-solidaria-concierto-los-rotary","status":"publish","type":"post","link":"https:\/\/capellamallorquina.com\/es\/la-capella-solidaria-concierto-los-rotary\/","title":{"rendered":"La Capella solidaria en el Concierto de los Rotary"},"content":{"rendered":"<p>El jueves 30 de Noviembre un nuevo concierto de la Capella Mallorquina. Concretamente un concierto solidario que ha organizado el Club Rotary junto con Voluntarios Sant Cayetano para recaudar fondos en favor de la erradicaci\u00f3n total de la Polio. Se trata de un proyecto mundial que apoya la causa promovidar por la Fundaci\u00f3n Bill y Melinda Gates. La Capella estar\u00e1 acompa\u00f1ada al piano por Alicia Moreno y ofrecer\u00e1 una cuidada selecci\u00f3n de piezas de \u00f3pera y zarzuela<\/p>\n","protected":false},"excerpt":{"rendered":"<p>El jueves 30 de Noviembre un nuevo concierto de la Capella Mallorquina. Concretamente un concierto solidario que ha organizado el Club Rotary junto con Voluntarios Sant Cayetano para recaudar fondos en favor de la erradicaci\u00f3n total de la Polio. Se trata de un proyecto mundial que apoya la causa promovidar por la Fundaci\u00f3n Bill y&hellip;<\/p>\n","protected":false},"author":1,"featured_media":633,"comment_status":"open","ping_status":"open","sticky":false,"template":"","format":"standard","meta":[],"categories":[2],"tags":[],"_links":{"self":[{"href":"https:\/\/capellamallorquina.com\/es\/wp-json\/wp\/v2\/posts\/623"}],"collection":[{"href":"https:\/\/capellamallorquina.com\/es\/wp-json\/wp\/v2\/posts"}],"about":[{"href":"https:\/\/capellamallorquina.com\/es\/wp-json\/wp\/v2\/types\/post"}],"author":[{"embeddable":true,"href":"https:\/\/capellamallorquina.com\/es\/wp-json\/wp\/v2\/users\/1"}],"replies":[{"embeddable":true,"href":"https:\/\/capellamallorquina.com\/es\/wp-json\/wp\/v2\/comments?post=623"}],"version-history":[{"count":1,"href":"https:\/\/capellamallorquina.com\/es\/wp-json\/wp\/v2\/posts\/623\/revisions"}],"predecessor-version":[{"id":624,"href":"https:\/\/capellamallorquina.com\/es\/wp-json\/wp\/v2\/posts\/623\/revisions\/624"}],"wp:featuredmedia":[{"embeddable":true,"href":"https:\/\/capellamallorquina.com\/es\/wp-json\/wp\/v2\/media\/633"}],"wp:attachment":[{"href":"https:\/\/capellamallorquina.com\/es\/wp-json\/wp\/v2\/media?parent=623"}],"wp:term":[{"taxonomy":"category","embeddable":true,"href":"https:\/\/capellamallorquina.com\/es\/wp-json\/wp\/v2\/categories?post=623"},{"taxonomy":"post_tag","embeddable":true,"href":"https:\/\/capellamallorquina.com\/es\/wp-json\/wp\/v2\/tags?post=623"}],"curies":[{"name":"wp","href":"https:\/\/api.w.org\/{rel}","templated":true}]}}