{"id":602,"date":"2017-11-08T11:20:19","date_gmt":"2017-11-08T10:20:19","guid":{"rendered":"https:\/\/capellamallorquina.com\/es\/?p=602"},"modified":"2017-11-08T11:20:19","modified_gmt":"2017-11-08T10:20:19","slug":"la-capella-solidaria","status":"publish","type":"post","link":"https:\/\/capellamallorquina.com\/es\/la-capella-solidaria\/","title":{"rendered":"La Capella, solidaria"},"content":{"rendered":"<p>No te pierdas la pr\u00f3xima actuaci\u00f3n de la Capella, un concierto ben\u00e9fico con el patrocinio de la Fundaci\u00f3n Barcel\u00f3 y organizado por la Fundaci\u00f3n Sa Nostra a beneficio de la Fundaci\u00f3n Nemo, que tan buen trabajo est\u00e1 haciendo con los ni\u00f1os con necesidades especiales. \u00a1El viernes d\u00eda 17 de noviembre a las 20,00 h. ven al Auditorio de la Fundaci\u00f3n Sa Nostra!<\/p>\n","protected":false},"excerpt":{"rendered":"<p>No te pierdas la pr\u00f3xima actuaci\u00f3n de la Capella, un concierto ben\u00e9fico con el patrocinio de la Fundaci\u00f3n Barcel\u00f3 y organizado por la Fundaci\u00f3n Sa Nostra a beneficio de la Fundaci\u00f3n Nemo, que tan buen trabajo est\u00e1 haciendo con los ni\u00f1os con necesidades especiales. \u00a1El viernes d\u00eda 17 de noviembre a las 20,00 h. ven&hellip;<\/p>\n","protected":false},"author":1,"featured_media":600,"comment_status":"open","ping_status":"open","sticky":false,"template":"","format":"standard","meta":[],"categories":[2],"tags":[],"_links":{"self":[{"href":"https:\/\/capellamallorquina.com\/es\/wp-json\/wp\/v2\/posts\/602"}],"collection":[{"href":"https:\/\/capellamallorquina.com\/es\/wp-json\/wp\/v2\/posts"}],"about":[{"href":"https:\/\/capellamallorquina.com\/es\/wp-json\/wp\/v2\/types\/post"}],"author":[{"embeddable":true,"href":"https:\/\/capellamallorquina.com\/es\/wp-json\/wp\/v2\/users\/1"}],"replies":[{"embeddable":true,"href":"https:\/\/capellamallorquina.com\/es\/wp-json\/wp\/v2\/comments?post=602"}],"version-history":[{"count":1,"href":"https:\/\/capellamallorquina.com\/es\/wp-json\/wp\/v2\/posts\/602\/revisions"}],"predecessor-version":[{"id":603,"href":"https:\/\/capellamallorquina.com\/es\/wp-json\/wp\/v2\/posts\/602\/revisions\/603"}],"wp:featuredmedia":[{"embeddable":true,"href":"https:\/\/capellamallorquina.com\/es\/wp-json\/wp\/v2\/media\/600"}],"wp:attachment":[{"href":"https:\/\/capellamallorquina.com\/es\/wp-json\/wp\/v2\/media?parent=602"}],"wp:term":[{"taxonomy":"category","embeddable":true,"href":"https:\/\/capellamallorquina.com\/es\/wp-json\/wp\/v2\/categories?post=602"},{"taxonomy":"post_tag","embeddable":true,"href":"https:\/\/capellamallorquina.com\/es\/wp-json\/wp\/v2\/tags?post=602"}],"curies":[{"name":"wp","href":"https:\/\/api.w.org\/{rel}","templated":true}]}}