{"id":1974,"date":"2024-06-23T17:15:15","date_gmt":"2024-06-23T16:15:15","guid":{"rendered":"https:\/\/capellamallorquina.com\/?p=1974"},"modified":"2024-06-23T17:15:17","modified_gmt":"2024-06-23T16:15:17","slug":"concierto-en-la-catedral-de-granada","status":"publish","type":"post","link":"https:\/\/capellamallorquina.com\/es\/concierto-en-la-catedral-de-granada\/","title":{"rendered":"Concierto en la Catedral de Granada"},"content":{"rendered":"\n<p>Muy felices de anunciar nuestras actuaciones de la pr\u00f3xima semana en la Catedral de Granada. El s\u00e1bado 22, a las 20:00 h, concierto centrado en la Sibila que interpretar\u00e1 Adri\u00e0 S\u00e1nchez junto a la Messe Basse de Faur\u00e9 y la Misa Brevis de Jacob de Haan. Un concierto organizado por el Centro Cultural Nuevo Inicio e integrado dentro de los actos de celebraci\u00f3n del V Centenario de la Catedral . Y el domingo 23, participaremos con los cantos de la misa de las 12:30 h. oficiada por el Arzobispo de Granada. \u00a1Nos vemos en Granada!<\/p>\n","protected":false},"excerpt":{"rendered":"<p>Muy felices de anunciar nuestras actuaciones de la pr\u00f3xima semana en la Catedral de Granada. El s\u00e1bado 22, a las 20:00 h, concierto centrado en la Sibila que interpretar\u00e1 Adri\u00e0 S\u00e1nchez junto a la Messe Basse de Faur\u00e9 y la Misa Brevis de Jacob de Haan. Un concierto organizado por el Centro Cultural Nuevo Inicio&hellip;<\/p>\n","protected":false},"author":1,"featured_media":1972,"comment_status":"closed","ping_status":"closed","sticky":false,"template":"","format":"standard","meta":[],"categories":[2],"tags":[],"_links":{"self":[{"href":"https:\/\/capellamallorquina.com\/es\/wp-json\/wp\/v2\/posts\/1974"}],"collection":[{"href":"https:\/\/capellamallorquina.com\/es\/wp-json\/wp\/v2\/posts"}],"about":[{"href":"https:\/\/capellamallorquina.com\/es\/wp-json\/wp\/v2\/types\/post"}],"author":[{"embeddable":true,"href":"https:\/\/capellamallorquina.com\/es\/wp-json\/wp\/v2\/users\/1"}],"replies":[{"embeddable":true,"href":"https:\/\/capellamallorquina.com\/es\/wp-json\/wp\/v2\/comments?post=1974"}],"version-history":[{"count":1,"href":"https:\/\/capellamallorquina.com\/es\/wp-json\/wp\/v2\/posts\/1974\/revisions"}],"predecessor-version":[{"id":1975,"href":"https:\/\/capellamallorquina.com\/es\/wp-json\/wp\/v2\/posts\/1974\/revisions\/1975"}],"wp:featuredmedia":[{"embeddable":true,"href":"https:\/\/capellamallorquina.com\/es\/wp-json\/wp\/v2\/media\/1972"}],"wp:attachment":[{"href":"https:\/\/capellamallorquina.com\/es\/wp-json\/wp\/v2\/media?parent=1974"}],"wp:term":[{"taxonomy":"category","embeddable":true,"href":"https:\/\/capellamallorquina.com\/es\/wp-json\/wp\/v2\/categories?post=1974"},{"taxonomy":"post_tag","embeddable":true,"href":"https:\/\/capellamallorquina.com\/es\/wp-json\/wp\/v2\/tags?post=1974"}],"curies":[{"name":"wp","href":"https:\/\/api.w.org\/{rel}","templated":true}]}}