{"id":1828,"date":"2023-12-12T09:33:29","date_gmt":"2023-12-12T08:33:29","guid":{"rendered":"https:\/\/capellamallorquina.com\/?p=1828"},"modified":"2024-10-06T11:31:06","modified_gmt":"2024-10-06T10:31:06","slug":"la-fiesta-de-la-sibila-2023","status":"publish","type":"post","link":"https:\/\/capellamallorquina.com\/es\/la-fiesta-de-la-sibila-2023\/","title":{"rendered":"La Fiesta de la Sibila 2023"},"content":{"rendered":"\n<p>Un a\u00f1o m\u00e1s la Capella Mallorquina vuelve a la iglesia de Santa Eul\u00e0lia de Palma para ofrecer un de sus conciertos m\u00e1s esperados y queridos: la Fiesta de Sibila. Contaremos nuevamente con la fant\u00e1stica soprano Cristina Van Roy como Sibila y con el organista de prestigio Tomeu Veny, todos ellos dirigidos por Jos\u00e9 Mar\u00eda Moreno. Os esperamos. \u00a1No te lo pierdas! Ser\u00e1 a las 19.30\u00a0h. con entrada donativo de 10 euros para la contrucci\u00f3n de un pozo en Turkana, Kenia.<\/p>\n\n\n\n<p>La Capella Mallorquina es Obra Cultural de la Fundaci\u00f3n Barcel\u00f3 y cuenta con el Patrocinio del Consell de Mallorca para la Temporada de Conciertos 2023\/24<\/p>\n","protected":false},"excerpt":{"rendered":"<p>Un a\u00f1o m\u00e1s la Capella Mallorquina vuelve a la iglesia de Santa Eul\u00e0lia de Palma para ofrecer un de sus conciertos m\u00e1s esperados y queridos: la Fiesta de Sibila. Contaremos nuevamente con la fant\u00e1stica soprano Cristina Van Roy como Sibila y con el organista de prestigio Tomeu Veny, todos ellos dirigidos por Jos\u00e9 Mar\u00eda Moreno.&hellip;<\/p>\n","protected":false},"author":1,"featured_media":1826,"comment_status":"closed","ping_status":"closed","sticky":false,"template":"","format":"standard","meta":[],"categories":[2],"tags":[],"_links":{"self":[{"href":"https:\/\/capellamallorquina.com\/es\/wp-json\/wp\/v2\/posts\/1828"}],"collection":[{"href":"https:\/\/capellamallorquina.com\/es\/wp-json\/wp\/v2\/posts"}],"about":[{"href":"https:\/\/capellamallorquina.com\/es\/wp-json\/wp\/v2\/types\/post"}],"author":[{"embeddable":true,"href":"https:\/\/capellamallorquina.com\/es\/wp-json\/wp\/v2\/users\/1"}],"replies":[{"embeddable":true,"href":"https:\/\/capellamallorquina.com\/es\/wp-json\/wp\/v2\/comments?post=1828"}],"version-history":[{"count":2,"href":"https:\/\/capellamallorquina.com\/es\/wp-json\/wp\/v2\/posts\/1828\/revisions"}],"predecessor-version":[{"id":2054,"href":"https:\/\/capellamallorquina.com\/es\/wp-json\/wp\/v2\/posts\/1828\/revisions\/2054"}],"wp:featuredmedia":[{"embeddable":true,"href":"https:\/\/capellamallorquina.com\/es\/wp-json\/wp\/v2\/media\/1826"}],"wp:attachment":[{"href":"https:\/\/capellamallorquina.com\/es\/wp-json\/wp\/v2\/media?parent=1828"}],"wp:term":[{"taxonomy":"category","embeddable":true,"href":"https:\/\/capellamallorquina.com\/es\/wp-json\/wp\/v2\/categories?post=1828"},{"taxonomy":"post_tag","embeddable":true,"href":"https:\/\/capellamallorquina.com\/es\/wp-json\/wp\/v2\/tags?post=1828"}],"curies":[{"name":"wp","href":"https:\/\/api.w.org\/{rel}","templated":true}]}}