{"id":1794,"date":"2023-10-02T09:59:25","date_gmt":"2023-10-02T08:59:25","guid":{"rendered":"https:\/\/capellamallorquina.com\/?p=1794"},"modified":"2024-10-06T11:29:09","modified_gmt":"2024-10-06T10:29:09","slug":"concierto-de-opera-en-san-felip-neri","status":"publish","type":"post","link":"https:\/\/capellamallorquina.com\/es\/concierto-de-opera-en-san-felip-neri\/","title":{"rendered":"Concierto de \u00d3pera en San Felip Neri"},"content":{"rendered":"\n<p>Pr\u00f3ximo concierto de la Capella Mallorquina en la iglesia de Sant Felip Neri de Palma con un programa de \u00f3pera en el que contaremos con la pianista Alicia Moreno y los solistas Cristina Van Roy, Camila Dur\u00e1n, Mikel Estelrich y Ger\u00f3nimo Seib. No te pierdas un precioso concierto con obras de Verdi, Puccini, Mascagni, Leoncavallo, Donizetti, etc. \u00a1Te esperamos! La Capella Mallorquina es Obra Cultural de la Fundaci\u00f3n Barcel\u00f3 y cuenta con el Patrocinio del Consell de Mallorca para la Temporada de Conciertos 2023\/24<\/p>\n","protected":false},"excerpt":{"rendered":"<p>Pr\u00f3ximo concierto de la Capella Mallorquina en la iglesia de Sant Felip Neri de Palma con un programa de \u00f3pera en el que contaremos con la pianista Alicia Moreno y los solistas Cristina Van Roy, Camila Dur\u00e1n, Mikel Estelrich y Ger\u00f3nimo Seib. No te pierdas un precioso concierto con obras de Verdi, Puccini, Mascagni, Leoncavallo,&hellip;<\/p>\n","protected":false},"author":1,"featured_media":1792,"comment_status":"closed","ping_status":"closed","sticky":false,"template":"","format":"standard","meta":[],"categories":[2],"tags":[],"_links":{"self":[{"href":"https:\/\/capellamallorquina.com\/es\/wp-json\/wp\/v2\/posts\/1794"}],"collection":[{"href":"https:\/\/capellamallorquina.com\/es\/wp-json\/wp\/v2\/posts"}],"about":[{"href":"https:\/\/capellamallorquina.com\/es\/wp-json\/wp\/v2\/types\/post"}],"author":[{"embeddable":true,"href":"https:\/\/capellamallorquina.com\/es\/wp-json\/wp\/v2\/users\/1"}],"replies":[{"embeddable":true,"href":"https:\/\/capellamallorquina.com\/es\/wp-json\/wp\/v2\/comments?post=1794"}],"version-history":[{"count":2,"href":"https:\/\/capellamallorquina.com\/es\/wp-json\/wp\/v2\/posts\/1794\/revisions"}],"predecessor-version":[{"id":2051,"href":"https:\/\/capellamallorquina.com\/es\/wp-json\/wp\/v2\/posts\/1794\/revisions\/2051"}],"wp:featuredmedia":[{"embeddable":true,"href":"https:\/\/capellamallorquina.com\/es\/wp-json\/wp\/v2\/media\/1792"}],"wp:attachment":[{"href":"https:\/\/capellamallorquina.com\/es\/wp-json\/wp\/v2\/media?parent=1794"}],"wp:term":[{"taxonomy":"category","embeddable":true,"href":"https:\/\/capellamallorquina.com\/es\/wp-json\/wp\/v2\/categories?post=1794"},{"taxonomy":"post_tag","embeddable":true,"href":"https:\/\/capellamallorquina.com\/es\/wp-json\/wp\/v2\/tags?post=1794"}],"curies":[{"name":"wp","href":"https:\/\/api.w.org\/{rel}","templated":true}]}}