{"id":1632,"date":"2022-10-21T13:13:02","date_gmt":"2022-10-21T12:13:02","guid":{"rendered":"https:\/\/capellamallorquina.com\/?p=1632"},"modified":"2022-10-21T13:13:06","modified_gmt":"2022-10-21T12:13:06","slug":"concierto-en-santanyi","status":"publish","type":"post","link":"https:\/\/capellamallorquina.com\/es\/concierto-en-santanyi\/","title":{"rendered":"Concierto en Santany\u00ed"},"content":{"rendered":"\n<p>Nuevo concierto de la Capella Mallorquina en Santany\u00ed. Ser\u00e1 el s\u00e1bado 5 de noviembre, mismo d\u00eda del mercado, a las 12:00 h del mediod\u00eda en la Iglesia de Santany\u00ed y con un interesante programa de polifon\u00edas sacras y profanas de todos los tiempos.<\/p>\n","protected":false},"excerpt":{"rendered":"<p>Nuevo concierto de la Capella Mallorquina en Santany\u00ed. Ser\u00e1 el s\u00e1bado 5 de noviembre, mismo d\u00eda del mercado, a las 12:00 h del mediod\u00eda en la Iglesia de Santany\u00ed y con un interesante programa de polifon\u00edas sacras y profanas de todos los tiempos.<\/p>\n","protected":false},"author":1,"featured_media":1630,"comment_status":"closed","ping_status":"closed","sticky":false,"template":"","format":"standard","meta":[],"categories":[2],"tags":[],"_links":{"self":[{"href":"https:\/\/capellamallorquina.com\/es\/wp-json\/wp\/v2\/posts\/1632"}],"collection":[{"href":"https:\/\/capellamallorquina.com\/es\/wp-json\/wp\/v2\/posts"}],"about":[{"href":"https:\/\/capellamallorquina.com\/es\/wp-json\/wp\/v2\/types\/post"}],"author":[{"embeddable":true,"href":"https:\/\/capellamallorquina.com\/es\/wp-json\/wp\/v2\/users\/1"}],"replies":[{"embeddable":true,"href":"https:\/\/capellamallorquina.com\/es\/wp-json\/wp\/v2\/comments?post=1632"}],"version-history":[{"count":1,"href":"https:\/\/capellamallorquina.com\/es\/wp-json\/wp\/v2\/posts\/1632\/revisions"}],"predecessor-version":[{"id":1633,"href":"https:\/\/capellamallorquina.com\/es\/wp-json\/wp\/v2\/posts\/1632\/revisions\/1633"}],"wp:featuredmedia":[{"embeddable":true,"href":"https:\/\/capellamallorquina.com\/es\/wp-json\/wp\/v2\/media\/1630"}],"wp:attachment":[{"href":"https:\/\/capellamallorquina.com\/es\/wp-json\/wp\/v2\/media?parent=1632"}],"wp:term":[{"taxonomy":"category","embeddable":true,"href":"https:\/\/capellamallorquina.com\/es\/wp-json\/wp\/v2\/categories?post=1632"},{"taxonomy":"post_tag","embeddable":true,"href":"https:\/\/capellamallorquina.com\/es\/wp-json\/wp\/v2\/tags?post=1632"}],"curies":[{"name":"wp","href":"https:\/\/api.w.org\/{rel}","templated":true}]}}