{"id":1442,"date":"2022-03-18T20:35:42","date_gmt":"2022-03-18T19:35:42","guid":{"rendered":"https:\/\/capellamallorquina.com\/?p=1442"},"modified":"2022-03-18T20:35:45","modified_gmt":"2022-03-18T19:35:45","slug":"concierto-en-alcudia","status":"publish","type":"post","link":"https:\/\/capellamallorquina.com\/es\/concierto-en-alcudia\/","title":{"rendered":"Concierto en Alcudia"},"content":{"rendered":"\n<p>El pr\u00f3ximo s\u00e1bado d\u00eda 5 de marzo la Capella actuar\u00e1 en la Iglesia de San Jaime de Alc\u00fadia. Una gran oportunidad para todos los alcudienses de disfrutar de la Capella despu\u00e9s de mucho de tiempo de no cantar en su ciudad. Nuestra coral ofrecer\u00e1 un interesante programa de m\u00fasica de diferentes estilos y \u00e9pocas. S\u00e1bado d\u00eda 5 a las 19:00 h. \u00a1Os esperamos!<\/p>\n","protected":false},"excerpt":{"rendered":"<p>El pr\u00f3ximo s\u00e1bado d\u00eda 5 de marzo la Capella actuar\u00e1 en la Iglesia de San Jaime de Alc\u00fadia. Una gran oportunidad para todos los alcudienses de disfrutar de la Capella despu\u00e9s de mucho de tiempo de no cantar en su ciudad. Nuestra coral ofrecer\u00e1 un interesante programa de m\u00fasica de diferentes estilos y \u00e9pocas. S\u00e1bado&hellip;<\/p>\n","protected":false},"author":1,"featured_media":1440,"comment_status":"closed","ping_status":"closed","sticky":false,"template":"","format":"standard","meta":[],"categories":[2],"tags":[],"_links":{"self":[{"href":"https:\/\/capellamallorquina.com\/es\/wp-json\/wp\/v2\/posts\/1442"}],"collection":[{"href":"https:\/\/capellamallorquina.com\/es\/wp-json\/wp\/v2\/posts"}],"about":[{"href":"https:\/\/capellamallorquina.com\/es\/wp-json\/wp\/v2\/types\/post"}],"author":[{"embeddable":true,"href":"https:\/\/capellamallorquina.com\/es\/wp-json\/wp\/v2\/users\/1"}],"replies":[{"embeddable":true,"href":"https:\/\/capellamallorquina.com\/es\/wp-json\/wp\/v2\/comments?post=1442"}],"version-history":[{"count":1,"href":"https:\/\/capellamallorquina.com\/es\/wp-json\/wp\/v2\/posts\/1442\/revisions"}],"predecessor-version":[{"id":1443,"href":"https:\/\/capellamallorquina.com\/es\/wp-json\/wp\/v2\/posts\/1442\/revisions\/1443"}],"wp:featuredmedia":[{"embeddable":true,"href":"https:\/\/capellamallorquina.com\/es\/wp-json\/wp\/v2\/media\/1440"}],"wp:attachment":[{"href":"https:\/\/capellamallorquina.com\/es\/wp-json\/wp\/v2\/media?parent=1442"}],"wp:term":[{"taxonomy":"category","embeddable":true,"href":"https:\/\/capellamallorquina.com\/es\/wp-json\/wp\/v2\/categories?post=1442"},{"taxonomy":"post_tag","embeddable":true,"href":"https:\/\/capellamallorquina.com\/es\/wp-json\/wp\/v2\/tags?post=1442"}],"curies":[{"name":"wp","href":"https:\/\/api.w.org\/{rel}","templated":true}]}}