{"id":1353,"date":"2021-09-01T10:33:36","date_gmt":"2021-09-01T09:33:36","guid":{"rendered":"https:\/\/capellamallorquina.com\/?p=1353"},"modified":"2021-09-01T10:33:37","modified_gmt":"2021-09-01T09:33:37","slug":"se-cancela-el-concierto-en-can-tapera","status":"publish","type":"post","link":"https:\/\/capellamallorquina.com\/es\/se-cancela-el-concierto-en-can-tapera\/","title":{"rendered":"Se cancela el concierto en Can T\u00e0pera"},"content":{"rendered":"\n<p>Sentimos mucho comunicaros que, debido a las condiciones meteorol\u00f3gicas que se anuncian, la Fundaci\u00f3n Sa Nostra ha decidido cancelar nuestro del concierto de ma\u00f1ana jueves. Pero muy pronto, estaremos de nuevo con vosotros en nuestro pr\u00f3ximo concierto del d\u00eda 24 de septiembre.<\/p>\n","protected":false},"excerpt":{"rendered":"<p>Sentimos mucho comunicaros que, debido a las condiciones meteorol\u00f3gicas que se anuncian, la Fundaci\u00f3n Sa Nostra ha decidido cancelar nuestro del concierto de ma\u00f1ana jueves. Pero muy pronto, estaremos de nuevo con vosotros en nuestro pr\u00f3ximo concierto del d\u00eda 24 de septiembre.<\/p>\n","protected":false},"author":1,"featured_media":1351,"comment_status":"closed","ping_status":"closed","sticky":false,"template":"","format":"standard","meta":[],"categories":[2],"tags":[],"_links":{"self":[{"href":"https:\/\/capellamallorquina.com\/es\/wp-json\/wp\/v2\/posts\/1353"}],"collection":[{"href":"https:\/\/capellamallorquina.com\/es\/wp-json\/wp\/v2\/posts"}],"about":[{"href":"https:\/\/capellamallorquina.com\/es\/wp-json\/wp\/v2\/types\/post"}],"author":[{"embeddable":true,"href":"https:\/\/capellamallorquina.com\/es\/wp-json\/wp\/v2\/users\/1"}],"replies":[{"embeddable":true,"href":"https:\/\/capellamallorquina.com\/es\/wp-json\/wp\/v2\/comments?post=1353"}],"version-history":[{"count":1,"href":"https:\/\/capellamallorquina.com\/es\/wp-json\/wp\/v2\/posts\/1353\/revisions"}],"predecessor-version":[{"id":1354,"href":"https:\/\/capellamallorquina.com\/es\/wp-json\/wp\/v2\/posts\/1353\/revisions\/1354"}],"wp:featuredmedia":[{"embeddable":true,"href":"https:\/\/capellamallorquina.com\/es\/wp-json\/wp\/v2\/media\/1351"}],"wp:attachment":[{"href":"https:\/\/capellamallorquina.com\/es\/wp-json\/wp\/v2\/media?parent=1353"}],"wp:term":[{"taxonomy":"category","embeddable":true,"href":"https:\/\/capellamallorquina.com\/es\/wp-json\/wp\/v2\/categories?post=1353"},{"taxonomy":"post_tag","embeddable":true,"href":"https:\/\/capellamallorquina.com\/es\/wp-json\/wp\/v2\/tags?post=1353"}],"curies":[{"name":"wp","href":"https:\/\/api.w.org\/{rel}","templated":true}]}}