{"id":1048,"date":"2020-04-16T12:29:54","date_gmt":"2020-04-16T11:29:54","guid":{"rendered":"https:\/\/capellamallorquina.com\/?p=1048"},"modified":"2020-04-16T12:30:48","modified_gmt":"2020-04-16T11:30:48","slug":"cancelado-el-concierto-en-la-basilica-de-san-miguel","status":"publish","type":"post","link":"https:\/\/capellamallorquina.com\/es\/cancelado-el-concierto-en-la-basilica-de-san-miguel\/","title":{"rendered":"Cancelado el Concierto en la Bas\u00edlica de San Miguel"},"content":{"rendered":"<p>Despu\u00e9s de la cancelaci\u00f3n de las actuaciones de la Capella Mallorquina en las Misas del Jueves Santo en Santa Eul\u00e0lia y en la Vigilia Pascual de la Santa Creu en Palma, lamentamos confirmar tambi\u00e9n la anulaci\u00f3n de nuestro Concierto en la Bas\u00edlica de San Miquel del d\u00eda 7 de mayo con motivo de las normas de confinamiento del Covid-19.<\/p>\n","protected":false},"excerpt":{"rendered":"<p>Despu\u00e9s de la cancelaci\u00f3n de las actuaciones de la Capella Mallorquina en las Misas del Jueves Santo en Santa Eul\u00e0lia y en la Vigilia Pascual de la Santa Creu en Palma, lamentamos confirmar tambi\u00e9n la anulaci\u00f3n de nuestro Concierto en la Bas\u00edlica de San Miquel del d\u00eda 7 de mayo con motivo de las normas&hellip;<\/p>\n","protected":false},"author":1,"featured_media":1046,"comment_status":"closed","ping_status":"closed","sticky":false,"template":"","format":"standard","meta":[],"categories":[2],"tags":[],"_links":{"self":[{"href":"https:\/\/capellamallorquina.com\/es\/wp-json\/wp\/v2\/posts\/1048"}],"collection":[{"href":"https:\/\/capellamallorquina.com\/es\/wp-json\/wp\/v2\/posts"}],"about":[{"href":"https:\/\/capellamallorquina.com\/es\/wp-json\/wp\/v2\/types\/post"}],"author":[{"embeddable":true,"href":"https:\/\/capellamallorquina.com\/es\/wp-json\/wp\/v2\/users\/1"}],"replies":[{"embeddable":true,"href":"https:\/\/capellamallorquina.com\/es\/wp-json\/wp\/v2\/comments?post=1048"}],"version-history":[{"count":3,"href":"https:\/\/capellamallorquina.com\/es\/wp-json\/wp\/v2\/posts\/1048\/revisions"}],"predecessor-version":[{"id":1051,"href":"https:\/\/capellamallorquina.com\/es\/wp-json\/wp\/v2\/posts\/1048\/revisions\/1051"}],"wp:featuredmedia":[{"embeddable":true,"href":"https:\/\/capellamallorquina.com\/es\/wp-json\/wp\/v2\/media\/1046"}],"wp:attachment":[{"href":"https:\/\/capellamallorquina.com\/es\/wp-json\/wp\/v2\/media?parent=1048"}],"wp:term":[{"taxonomy":"category","embeddable":true,"href":"https:\/\/capellamallorquina.com\/es\/wp-json\/wp\/v2\/categories?post=1048"},{"taxonomy":"post_tag","embeddable":true,"href":"https:\/\/capellamallorquina.com\/es\/wp-json\/wp\/v2\/tags?post=1048"}],"curies":[{"name":"wp","href":"https:\/\/api.w.org\/{rel}","templated":true}]}}