{"id":1009,"date":"2020-01-14T11:01:52","date_gmt":"2020-01-14T10:01:52","guid":{"rendered":"https:\/\/capellamallorquina.com\/?p=1009"},"modified":"2020-01-16T10:43:21","modified_gmt":"2020-01-16T09:43:21","slug":"concierto-benefico-en-el-auditorio-de-la-sa-nostra","status":"publish","type":"post","link":"https:\/\/capellamallorquina.com\/es\/concierto-benefico-en-el-auditorio-de-la-sa-nostra\/","title":{"rendered":"Concierto ben\u00e9fico en el Auditorio de la Sa Nostra"},"content":{"rendered":"<p>El jueves d\u00eda 23 de enero la Capella Mallorquina ofrecer\u00e1 una actuaci\u00f3n a beneficio de la Fundaci\u00f3n Cors Oberts que trabaja en Ruanda. Ser\u00e1 en el Auditorio de la Fundaci\u00f3n Sa Nostra. Entradas a 10 euros a la venta en la misma Fundaci\u00f3n. Actuar\u00e1n como solistas el tenor\u00a0Ger\u00f3nimo\u00a0Seib\u00a0y las sopranos Gloria\u00a0Ber\u00f3n\u00a0y Cristina\u00a0Van\u00a0Roy. Desde el piano acompa\u00f1ar\u00e1 Alicia Moreno. La direcci\u00f3n ser\u00e1 a cargo de Jos\u00e9 Mar\u00eda Moreno y Jos\u00e9 Mart\u00ednez. El repertorio se centrar\u00e1 en la m\u00fasica de zarzuela, \u00f3pera y musicales.<\/p>\n","protected":false},"excerpt":{"rendered":"<p>El jueves d\u00eda 23 de enero la Capella Mallorquina ofrecer\u00e1 una actuaci\u00f3n a beneficio de la Fundaci\u00f3n Cors Oberts que trabaja en Ruanda. Ser\u00e1 en el Auditorio de la Fundaci\u00f3n Sa Nostra. Entradas a 10 euros a la venta en la misma Fundaci\u00f3n. Actuar\u00e1n como solistas el tenor\u00a0Ger\u00f3nimo\u00a0Seib\u00a0y las sopranos Gloria\u00a0Ber\u00f3n\u00a0y Cristina\u00a0Van\u00a0Roy. Desde el piano&hellip;<\/p>\n","protected":false},"author":1,"featured_media":1012,"comment_status":"closed","ping_status":"closed","sticky":false,"template":"","format":"standard","meta":[],"categories":[2],"tags":[],"_links":{"self":[{"href":"https:\/\/capellamallorquina.com\/es\/wp-json\/wp\/v2\/posts\/1009"}],"collection":[{"href":"https:\/\/capellamallorquina.com\/es\/wp-json\/wp\/v2\/posts"}],"about":[{"href":"https:\/\/capellamallorquina.com\/es\/wp-json\/wp\/v2\/types\/post"}],"author":[{"embeddable":true,"href":"https:\/\/capellamallorquina.com\/es\/wp-json\/wp\/v2\/users\/1"}],"replies":[{"embeddable":true,"href":"https:\/\/capellamallorquina.com\/es\/wp-json\/wp\/v2\/comments?post=1009"}],"version-history":[{"count":1,"href":"https:\/\/capellamallorquina.com\/es\/wp-json\/wp\/v2\/posts\/1009\/revisions"}],"predecessor-version":[{"id":1010,"href":"https:\/\/capellamallorquina.com\/es\/wp-json\/wp\/v2\/posts\/1009\/revisions\/1010"}],"wp:featuredmedia":[{"embeddable":true,"href":"https:\/\/capellamallorquina.com\/es\/wp-json\/wp\/v2\/media\/1012"}],"wp:attachment":[{"href":"https:\/\/capellamallorquina.com\/es\/wp-json\/wp\/v2\/media?parent=1009"}],"wp:term":[{"taxonomy":"category","embeddable":true,"href":"https:\/\/capellamallorquina.com\/es\/wp-json\/wp\/v2\/categories?post=1009"},{"taxonomy":"post_tag","embeddable":true,"href":"https:\/\/capellamallorquina.com\/es\/wp-json\/wp\/v2\/tags?post=1009"}],"curies":[{"name":"wp","href":"https:\/\/api.w.org\/{rel}","templated":true}]}}